{"id":7789,"date":"2022-01-10T19:54:19","date_gmt":"2022-01-10T18:54:19","guid":{"rendered":"http:\/\/fasatle.org\/faa\/?p=7789"},"modified":"2022-01-10T19:54:22","modified_gmt":"2022-01-10T18:54:22","slug":"pravia-da-la-salida-a-la-temporada-2022","status":"publish","type":"post","link":"http:\/\/fasatle.org\/faa\/2022\/01\/10\/pravia-da-la-salida-a-la-temporada-2022\/","title":{"rendered":"PRAVIA DA LA SALIDA A LA TEMPORADA 2022"},"content":{"rendered":"<p style=\"text-align: justify;\"><a href=\"http:\/\/fasatle.org\/faa\/wp-content\/uploads\/2022\/01\/Cross-Pravia.jpg\"><img loading=\"lazy\" class=\"size-medium wp-image-7791 alignleft\" src=\"http:\/\/fasatle.org\/faa\/wp-content\/uploads\/2022\/01\/Cross-Pravia-225x300.jpg\" alt=\"\" width=\"225\" height=\"300\" srcset=\"http:\/\/fasatle.org\/faa\/wp-content\/uploads\/2022\/01\/Cross-Pravia-225x300.jpg 225w, http:\/\/fasatle.org\/faa\/wp-content\/uploads\/2022\/01\/Cross-Pravia-768x1024.jpg 768w, http:\/\/fasatle.org\/faa\/wp-content\/uploads\/2022\/01\/Cross-Pravia-1152x1536.jpg 1152w, http:\/\/fasatle.org\/faa\/wp-content\/uploads\/2022\/01\/Cross-Pravia.jpg 1200w\" sizes=\"(max-width: 225px) 100vw, 225px\" \/><\/a>Tras ser suspendido en diciembre debido a las inundaciones, Pravia se estren\u00f3 como cross incluido en el calendario auton\u00f3mico, con un circuito que fue del agrado de los atletas.<\/p>\n<p style=\"text-align: justify;\">En las carreras absolutas, David Alfonso y Mar\u00eda Su\u00e1rez inauguraron el palmar\u00e9s de la prueba. En la prueba masculina Victor Carrera, sali\u00f3 tirando intentando dejar a sus rivales, pero a mitad del recorrido, David se fue poco a poco y se alz\u00f3 con la victoria, siendo tercero el siempre regular Mart\u00edn \u00c1lvarez que parec\u00eda que pod\u00eda dar alcance a Victor, aunque \u00e9ste consigui\u00f3 mantener la segunda posici\u00f3n.<\/p>\n<p style=\"text-align: justify;\">En la prueba femenina Mar\u00eda Su\u00e1rez, como es costumbre en ella, sali\u00f3 imponiendo un fuerte ritmo, que pronto hizo mella en sus rivales, por lo que se alz\u00f3 con la victoria con relativa facilidad, siendo segunda Patricia \u00c1lvarez y tercera Beatriz Tenreiro.<\/p>\n<p><a href=\"http:\/\/fasatle.org\/faa\/wp-content\/uploads\/2022\/01\/Resultados-cross-Pravia.pdf\" class=\"mtli_attachment mtli_pdf\">Resultados- cross-Pravia<\/a><\/p>\n<!-- AddThis Advanced Settings generic via filter on the_content --><!-- AddThis Share Buttons generic via filter on the_content -->","protected":false},"excerpt":{"rendered":"<p>Tras ser suspendido en diciembre debido a las inundaciones, Pravia se estren\u00f3 como cross incluido en el calendario auton\u00f3mico, con un circuito que fue del agrado de los atletas. En las carreras absolutas, David Alfonso y Mar\u00eda Su\u00e1rez inauguraron el palmar\u00e9s de la prueba. En la prueba masculina Victor Carrera, sali\u00f3 tirando intentando dejar a &hellip; <a href=\"http:\/\/fasatle.org\/faa\/2022\/01\/10\/pravia-da-la-salida-a-la-temporada-2022\/\" class=\"more-link\">Seguir leyendo <span class=\"screen-reader-text\">PRAVIA DA LA SALIDA A LA TEMPORADA 2022<\/span> <span class=\"meta-nav\">&rarr;<\/span><\/a><!-- AddThis Advanced Settings generic via filter on get_the_excerpt --><!-- AddThis Share Buttons generic via filter on get_the_excerpt --><\/p>\n","protected":false},"author":1,"featured_media":0,"comment_status":"closed","ping_status":"closed","sticky":false,"template":"","format":"standard","meta":[],"categories":[1],"tags":[],"_links":{"self":[{"href":"http:\/\/fasatle.org\/faa\/wp-json\/wp\/v2\/posts\/7789"}],"collection":[{"href":"http:\/\/fasatle.org\/faa\/wp-json\/wp\/v2\/posts"}],"about":[{"href":"http:\/\/fasatle.org\/faa\/wp-json\/wp\/v2\/types\/post"}],"author":[{"embeddable":true,"href":"http:\/\/fasatle.org\/faa\/wp-json\/wp\/v2\/users\/1"}],"replies":[{"embeddable":true,"href":"http:\/\/fasatle.org\/faa\/wp-json\/wp\/v2\/comments?post=7789"}],"version-history":[{"count":1,"href":"http:\/\/fasatle.org\/faa\/wp-json\/wp\/v2\/posts\/7789\/revisions"}],"predecessor-version":[{"id":7792,"href":"http:\/\/fasatle.org\/faa\/wp-json\/wp\/v2\/posts\/7789\/revisions\/7792"}],"wp:attachment":[{"href":"http:\/\/fasatle.org\/faa\/wp-json\/wp\/v2\/media?parent=7789"}],"wp:term":[{"taxonomy":"category","embeddable":true,"href":"http:\/\/fasatle.org\/faa\/wp-json\/wp\/v2\/categories?post=7789"},{"taxonomy":"post_tag","embeddable":true,"href":"http:\/\/fasatle.org\/faa\/wp-json\/wp\/v2\/tags?post=7789"}],"curies":[{"name":"wp","href":"https:\/\/api.w.org\/{rel}","templated":true}]}}