{"id":5935,"date":"2020-02-16T22:09:50","date_gmt":"2020-02-16T21:09:50","guid":{"rendered":"http:\/\/fasatle.org\/faa\/?p=5935"},"modified":"2020-02-16T22:09:50","modified_gmt":"2020-02-16T21:09:50","slug":"selecciones-campeonato-espana-campo-traves-individual-ffaa-zaragoza-8-marzo","status":"publish","type":"post","link":"http:\/\/fasatle.org\/faa\/2020\/02\/16\/selecciones-campeonato-espana-campo-traves-individual-ffaa-zaragoza-8-marzo\/","title":{"rendered":"SELECCIONES PARA EL CAMPEONATO DE ESPA\u00d1A DE CAMPO A TRAV\u00c9S INDIVIDUAL Y DE FFAA (ZARAGOZA 8 DE MARZO)"},"content":{"rendered":"<p style=\"text-align: justify;\">En el siguiente PDF se pueden ver las selecciones sub20, sub23 y absolutas tanto masculinas como femeninas que nos representar\u00e1n en el pr\u00f3ximo Campeonato de Espa\u00f1a de Campo a Trav\u00e9s Individual y de Federaciones Auton\u00f3micas que se\u00a0 celebrar\u00e1 el pr\u00f3ximo 8 de marzo en Zaragoza, as\u00ed como toda la informaci\u00f3n complementaria.<\/p>\n<p><a href=\"http:\/\/fasatle.org\/faa\/wp-content\/uploads\/2020\/02\/Cto-Espa\u00f1a-Campo-a-Trav\u00e9s-Individual-y-FFAA-2020.pdf\" class=\"mtli_attachment mtli_pdf\">Cto Espa\u00f1a Campo a Trav\u00e9s Individual y FFAA 2020<\/a><\/p>\n<p><a href=\"http:\/\/fasatle.org\/faa\/wp-content\/uploads\/2020\/02\/AUTORIZACI\u00d3N-E-INFORMACI\u00d3N-M\u00c9DICA.pdf\" class=\"mtli_attachment mtli_pdf\">AUTORIZACI\u00d3N E INFORMACI\u00d3N M\u00c9DICA<\/a><\/p>\n<!-- AddThis Advanced Settings generic via filter on the_content --><!-- AddThis Share Buttons generic via filter on the_content -->","protected":false},"excerpt":{"rendered":"<p>En el siguiente PDF se pueden ver las selecciones sub20, sub23 y absolutas tanto masculinas como femeninas que nos representar\u00e1n en el pr\u00f3ximo Campeonato de Espa\u00f1a de Campo a Trav\u00e9s Individual y de Federaciones Auton\u00f3micas que se\u00a0 celebrar\u00e1 el pr\u00f3ximo 8 de marzo en Zaragoza, as\u00ed como toda la informaci\u00f3n complementaria. Cto Espa\u00f1a Campo a &hellip; <a href=\"http:\/\/fasatle.org\/faa\/2020\/02\/16\/selecciones-campeonato-espana-campo-traves-individual-ffaa-zaragoza-8-marzo\/\" class=\"more-link\">Seguir leyendo <span class=\"screen-reader-text\">SELECCIONES PARA EL CAMPEONATO DE ESPA\u00d1A DE CAMPO A TRAV\u00c9S INDIVIDUAL Y DE FFAA (ZARAGOZA 8 DE MARZO)<\/span> <span class=\"meta-nav\">&rarr;<\/span><\/a><!-- AddThis Advanced Settings generic via filter on get_the_excerpt --><!-- AddThis Share Buttons generic via filter on get_the_excerpt --><\/p>\n","protected":false},"author":1,"featured_media":0,"comment_status":"closed","ping_status":"closed","sticky":false,"template":"","format":"standard","meta":[],"categories":[1],"tags":[],"_links":{"self":[{"href":"http:\/\/fasatle.org\/faa\/wp-json\/wp\/v2\/posts\/5935"}],"collection":[{"href":"http:\/\/fasatle.org\/faa\/wp-json\/wp\/v2\/posts"}],"about":[{"href":"http:\/\/fasatle.org\/faa\/wp-json\/wp\/v2\/types\/post"}],"author":[{"embeddable":true,"href":"http:\/\/fasatle.org\/faa\/wp-json\/wp\/v2\/users\/1"}],"replies":[{"embeddable":true,"href":"http:\/\/fasatle.org\/faa\/wp-json\/wp\/v2\/comments?post=5935"}],"version-history":[{"count":3,"href":"http:\/\/fasatle.org\/faa\/wp-json\/wp\/v2\/posts\/5935\/revisions"}],"predecessor-version":[{"id":5940,"href":"http:\/\/fasatle.org\/faa\/wp-json\/wp\/v2\/posts\/5935\/revisions\/5940"}],"wp:attachment":[{"href":"http:\/\/fasatle.org\/faa\/wp-json\/wp\/v2\/media?parent=5935"}],"wp:term":[{"taxonomy":"category","embeddable":true,"href":"http:\/\/fasatle.org\/faa\/wp-json\/wp\/v2\/categories?post=5935"},{"taxonomy":"post_tag","embeddable":true,"href":"http:\/\/fasatle.org\/faa\/wp-json\/wp\/v2\/tags?post=5935"}],"curies":[{"name":"wp","href":"https:\/\/api.w.org\/{rel}","templated":true}]}}