{"id":495,"date":"2015-12-22T15:26:56","date_gmt":"2015-12-22T14:26:56","guid":{"rendered":"http:\/\/fasatle.org\/faa\/?p=495"},"modified":"2015-12-22T15:26:56","modified_gmt":"2015-12-22T14:26:56","slug":"la-federacion-y-paula-gonzalez-premiados-en-la-gala-del-reconocimiento-al-deporte-gijones","status":"publish","type":"post","link":"http:\/\/fasatle.org\/faa\/2015\/12\/22\/la-federacion-y-paula-gonzalez-premiados-en-la-gala-del-reconocimiento-al-deporte-gijones\/","title":{"rendered":"LA FEDERACI\u00d3N Y PAULA GONZ\u00c1LEZ PREMIADOS EN LA GALA DEL RECONOCIMIENTO AL DEPORTE GIJON\u00c9S"},"content":{"rendered":"<p>A las 13.00 horas de hoy en el Ayuntamiento de Gij\u00f3n se celebr\u00f3 la Gala 2015 del Reconocimiento al Deporte Gijon\u00e9s donde Paula Gonz\u00e1lez recog\u00eda el premio como atleta distinguida por sus \u00e9xitos deportivos y la Federaci\u00f3n por su colaboraci\u00f3n con el Ayuntamiento.<\/p>\n<p>As\u00ed mismo los clubes AD Gij\u00f3n Atletismo, \u00a0Atl\u00e9tico Gijon\u00e9s Fumero, Estadio Gij\u00f3n , Real Grupo Cultura Covadonga y Universidad de Oviedo, tuvieron su galard\u00f3n por su labor diaria en el fomento de nuestro deporte.<\/p>\n<p>Enhorabuena a todos los premiados.<\/p>\n<p><a href=\"http:\/\/fasatle.org\/faa\/wp-content\/uploads\/2015\/12\/20151222_135048.jpg\" rel=\"attachment wp-att-496\"><img loading=\"lazy\" class=\"aligncenter size-medium wp-image-496\" src=\"http:\/\/fasatle.org\/faa\/wp-content\/uploads\/2015\/12\/20151222_135048-169x300.jpg\" alt=\"20151222_135048\" width=\"169\" height=\"300\" srcset=\"http:\/\/fasatle.org\/faa\/wp-content\/uploads\/2015\/12\/20151222_135048-169x300.jpg 169w, http:\/\/fasatle.org\/faa\/wp-content\/uploads\/2015\/12\/20151222_135048-768x1365.jpg 768w, http:\/\/fasatle.org\/faa\/wp-content\/uploads\/2015\/12\/20151222_135048-576x1024.jpg 576w\" sizes=\"(max-width: 169px) 100vw, 169px\" \/><\/a><\/p>\n<!-- AddThis Advanced Settings generic via filter on the_content --><!-- AddThis Share Buttons generic via filter on the_content -->","protected":false},"excerpt":{"rendered":"<p>A las 13.00 horas de hoy en el Ayuntamiento de Gij\u00f3n se celebr\u00f3 la Gala 2015 del Reconocimiento al Deporte Gijon\u00e9s donde Paula Gonz\u00e1lez recog\u00eda el premio como atleta distinguida por sus \u00e9xitos deportivos y la Federaci\u00f3n por su colaboraci\u00f3n con el Ayuntamiento. As\u00ed mismo los clubes AD Gij\u00f3n Atletismo, \u00a0Atl\u00e9tico Gijon\u00e9s Fumero, Estadio Gij\u00f3n &hellip; <a href=\"http:\/\/fasatle.org\/faa\/2015\/12\/22\/la-federacion-y-paula-gonzalez-premiados-en-la-gala-del-reconocimiento-al-deporte-gijones\/\" class=\"more-link\">Seguir leyendo <span class=\"screen-reader-text\">LA FEDERACI\u00d3N Y PAULA GONZ\u00c1LEZ PREMIADOS EN LA GALA DEL RECONOCIMIENTO AL DEPORTE GIJON\u00c9S<\/span> <span class=\"meta-nav\">&rarr;<\/span><\/a><!-- AddThis Advanced Settings generic via filter on get_the_excerpt --><!-- AddThis Share Buttons generic via filter on get_the_excerpt --><\/p>\n","protected":false},"author":1,"featured_media":0,"comment_status":"closed","ping_status":"closed","sticky":false,"template":"","format":"standard","meta":[],"categories":[1],"tags":[],"_links":{"self":[{"href":"http:\/\/fasatle.org\/faa\/wp-json\/wp\/v2\/posts\/495"}],"collection":[{"href":"http:\/\/fasatle.org\/faa\/wp-json\/wp\/v2\/posts"}],"about":[{"href":"http:\/\/fasatle.org\/faa\/wp-json\/wp\/v2\/types\/post"}],"author":[{"embeddable":true,"href":"http:\/\/fasatle.org\/faa\/wp-json\/wp\/v2\/users\/1"}],"replies":[{"embeddable":true,"href":"http:\/\/fasatle.org\/faa\/wp-json\/wp\/v2\/comments?post=495"}],"version-history":[{"count":1,"href":"http:\/\/fasatle.org\/faa\/wp-json\/wp\/v2\/posts\/495\/revisions"}],"predecessor-version":[{"id":497,"href":"http:\/\/fasatle.org\/faa\/wp-json\/wp\/v2\/posts\/495\/revisions\/497"}],"wp:attachment":[{"href":"http:\/\/fasatle.org\/faa\/wp-json\/wp\/v2\/media?parent=495"}],"wp:term":[{"taxonomy":"category","embeddable":true,"href":"http:\/\/fasatle.org\/faa\/wp-json\/wp\/v2\/categories?post=495"},{"taxonomy":"post_tag","embeddable":true,"href":"http:\/\/fasatle.org\/faa\/wp-json\/wp\/v2\/tags?post=495"}],"curies":[{"name":"wp","href":"https:\/\/api.w.org\/{rel}","templated":true}]}}