{"id":10851,"date":"2024-02-04T17:04:55","date_gmt":"2024-02-04T16:04:55","guid":{"rendered":"http:\/\/fasatle.org\/faa\/?p=10851"},"modified":"2024-02-06T12:43:56","modified_gmt":"2024-02-06T11:43:56","slug":"asturias-domina-la-altura-en-el-sub23-de-antequera","status":"publish","type":"post","link":"http:\/\/fasatle.org\/faa\/2024\/02\/04\/asturias-domina-la-altura-en-el-sub23-de-antequera\/","title":{"rendered":"ASTURIAS DOMINA LA ALTURA EN EL SUB23 DE ANTEQUERA"},"content":{"rendered":"<p><a href=\"http:\/\/fasatle.org\/faa\/wp-content\/uploads\/2024\/02\/Nacho_Ruben-Naya.jpg\"><img loading=\"lazy\" class=\" wp-image-10852 alignleft\" src=\"http:\/\/fasatle.org\/faa\/wp-content\/uploads\/2024\/02\/Nacho_Ruben-Naya-225x300.jpg\" alt=\"\" width=\"201\" height=\"268\" srcset=\"http:\/\/fasatle.org\/faa\/wp-content\/uploads\/2024\/02\/Nacho_Ruben-Naya-225x300.jpg 225w, http:\/\/fasatle.org\/faa\/wp-content\/uploads\/2024\/02\/Nacho_Ruben-Naya-768x1024.jpg 768w, http:\/\/fasatle.org\/faa\/wp-content\/uploads\/2024\/02\/Nacho_Ruben-Naya.jpg 972w\" sizes=\"(max-width: 201px) 100vw, 201px\" \/><\/a>En el Campeonato de Espa\u00f1a sub23 que se celebr\u00f3 en Antequera, se consiguieron dos medallas, y las dos en la prueba de salto de altura. Ignacio Bernardo se colg\u00f3 el oro con un salto de 2,17m. que es adem\u00e1s un nuevo r\u00e9cord de Asturias absoluto y mejor marca personal, y Rub\u00e9n Naya se llev\u00f3 el bronce con 2,04m.<\/p>\n<p>Hubo adem\u00e1s cinco finalistas, Paula Gonz\u00e1lez , que \u00abroz\u00f3\u00bb el p\u00f3dium en los 60 mv, siendo cuarta pero con igual tiempo que la tercera, posici\u00f3n que decidi\u00f3 las mil\u00e9simas, Claudia Rendueles sexta en 1500m, misma posici\u00f3n que Indiana Holgado en triple y Laura L\u00f3pez y Emiliano Zazo que fueron octavos en 1500 y peso respectivamente.<\/p>\n<p>Resultados completos en\u00a0<a href=\"http:\/\/www.rfea.es\">http:\/\/www.rfea.es<\/a><\/p>\n<!-- AddThis Advanced Settings generic via filter on the_content --><!-- AddThis Share Buttons generic via filter on the_content -->","protected":false},"excerpt":{"rendered":"<p>En el Campeonato de Espa\u00f1a sub23 que se celebr\u00f3 en Antequera, se consiguieron dos medallas, y las dos en la prueba de salto de altura. Ignacio Bernardo se colg\u00f3 el oro con un salto de 2,17m. que es adem\u00e1s un nuevo r\u00e9cord de Asturias absoluto y mejor marca personal, y Rub\u00e9n Naya se llev\u00f3 el &hellip; <a href=\"http:\/\/fasatle.org\/faa\/2024\/02\/04\/asturias-domina-la-altura-en-el-sub23-de-antequera\/\" class=\"more-link\">Seguir leyendo <span class=\"screen-reader-text\">ASTURIAS DOMINA LA ALTURA EN EL SUB23 DE ANTEQUERA<\/span> <span class=\"meta-nav\">&rarr;<\/span><\/a><!-- AddThis Advanced Settings generic via filter on get_the_excerpt --><!-- AddThis Share Buttons generic via filter on get_the_excerpt --><\/p>\n","protected":false},"author":1,"featured_media":0,"comment_status":"closed","ping_status":"closed","sticky":false,"template":"","format":"standard","meta":[],"categories":[1],"tags":[],"_links":{"self":[{"href":"http:\/\/fasatle.org\/faa\/wp-json\/wp\/v2\/posts\/10851"}],"collection":[{"href":"http:\/\/fasatle.org\/faa\/wp-json\/wp\/v2\/posts"}],"about":[{"href":"http:\/\/fasatle.org\/faa\/wp-json\/wp\/v2\/types\/post"}],"author":[{"embeddable":true,"href":"http:\/\/fasatle.org\/faa\/wp-json\/wp\/v2\/users\/1"}],"replies":[{"embeddable":true,"href":"http:\/\/fasatle.org\/faa\/wp-json\/wp\/v2\/comments?post=10851"}],"version-history":[{"count":3,"href":"http:\/\/fasatle.org\/faa\/wp-json\/wp\/v2\/posts\/10851\/revisions"}],"predecessor-version":[{"id":10855,"href":"http:\/\/fasatle.org\/faa\/wp-json\/wp\/v2\/posts\/10851\/revisions\/10855"}],"wp:attachment":[{"href":"http:\/\/fasatle.org\/faa\/wp-json\/wp\/v2\/media?parent=10851"}],"wp:term":[{"taxonomy":"category","embeddable":true,"href":"http:\/\/fasatle.org\/faa\/wp-json\/wp\/v2\/categories?post=10851"},{"taxonomy":"post_tag","embeddable":true,"href":"http:\/\/fasatle.org\/faa\/wp-json\/wp\/v2\/tags?post=10851"}],"curies":[{"name":"wp","href":"https:\/\/api.w.org\/{rel}","templated":true}]}}